{"id":123,"date":"2021-02-26T18:22:52","date_gmt":"2021-02-26T17:22:52","guid":{"rendered":"http:\/\/mespaniersbio.alwaysdata.net\/blog\/?p=123"},"modified":"2021-02-28T00:12:10","modified_gmt":"2021-02-27T23:12:10","slug":"faites-le-plein-de-vitamines-avec-des-fruits-et-legumes-bio-de-saison","status":"publish","type":"post","link":"https:\/\/mespaniersbio.alwaysdata.net\/blog\/faites-le-plein-de-vitamines-avec-des-fruits-et-legumes-bio-de-saison\/","title":{"rendered":"Avec des fruits et l\u00e9gumes Bio de saison, faites le plein de vitamines !"},"content":{"rendered":"\n<p>Avec l\u2019arriv\u00e9e du printemps, le soleil, les beaux jours, faites-venir la fra\u00eecheur et le bon go\u00fbt des fruits et l\u00e9gumes Bio de saison dans vos assiettes ! Une petite fringale, un go\u00fbter pour les enfants, un repas en famille ou entre amis, variez vos menus et d\u00e9couvrez les vertus des fruits et l\u00e9gumes.<\/p>\n\n\n\n<!--more-->\n\n\n\n<h2 class=\"wp-block-heading\">Les bienfaits des fruits et l\u00e9gumes<\/h2>\n\n\n\n<div class=\"wp-block-image is-style-default\"><figure class=\"aligncenter size-large is-resized\"><img loading=\"lazy\" decoding=\"async\" src=\"http:\/\/mespaniersbio.alwaysdata.net\/blog\/wp-content\/uploads\/2021\/02\/Assortiment-fruits-et-legumes-compresse-1024x683.jpg\" alt=\"Les bienfaits des fruits et l\u00e9gumes\" class=\"wp-image-93\" width=\"512\" height=\"342\" srcset=\"https:\/\/mespaniersbio.alwaysdata.net\/blog\/wp-content\/uploads\/2021\/02\/Assortiment-fruits-et-legumes-compresse-1024x683.jpg 1024w, https:\/\/mespaniersbio.alwaysdata.net\/blog\/wp-content\/uploads\/2021\/02\/Assortiment-fruits-et-legumes-compresse-300x200.jpg 300w, https:\/\/mespaniersbio.alwaysdata.net\/blog\/wp-content\/uploads\/2021\/02\/Assortiment-fruits-et-legumes-compresse-768x512.jpg 768w, https:\/\/mespaniersbio.alwaysdata.net\/blog\/wp-content\/uploads\/2021\/02\/Assortiment-fruits-et-legumes-compresse-380x254.jpg 380w, https:\/\/mespaniersbio.alwaysdata.net\/blog\/wp-content\/uploads\/2021\/02\/Assortiment-fruits-et-legumes-compresse.jpg 1280w\" sizes=\"(max-width: 512px) 100vw, 512px\" \/><\/figure><\/div>\n\n\n\n<p>Riches en vitamines et en min\u00e9raux, sans pesticides, les fruits et l\u00e9gumes Bio sont incontestablement bons pour notre sant\u00e9 et notre environnement. <\/p>\n\n\n\n<p>Si on applique les recommandations du Programme National Nutrition Sant\u00e9 (PNNS), il faudrait donc manger 5 fruits et l\u00e9gumes par jour. En effet, cette quantit\u00e9 est n\u00e9cessaire au bon fonctionnement de notre organisme pour les besoins en micronutriments.<\/p>\n\n\n\n<p>Ainsi, nous lutterons contre le vieillissement cellulaire gr\u00e2ce aux antioxydants qui y sont concentr\u00e9s. Par ailleurs, peu caloriques avec un effet rassasiant, nous conserverons un poids stable et donc un parfait \u00e9quilibre alimentaire. Et enfin, ils nous aident \u00e0 pr\u00e9venir des maladies cardiovasculaires et de certains cancers.<\/p>\n\n\n\n<p>Pourquoi les choisir de saison ? On participe ainsi au maintien de l\u2019\u00e9conomie locale. On permet en effet \u00e0 nos producteurs locaux de vendre leurs produits \u00e0 maturit\u00e9, et de r\u00e9galer nos papilles, avec le plein de saveur que nous procurent les fruits et l\u00e9gumes \u00e0 maturit\u00e9. Enfin, ils sont moins chers pour notre porte-monnaie.<\/p>\n\n\n\n<h2 class=\"wp-block-heading\">Les asperges se consomment \u00e0 volont\u00e9<\/h2>\n\n\n\n<p>Ce l\u00e9gume se cuisine de milles fa\u00e7ons, en entr\u00e9e ou en accompagnement d&#8217;un plat. Il peut aussi s&#8217;accommoder d&#8217;une vinaigrette, d&#8217;une sauce ou d&#8217;une mayonnaise.<\/p>\n\n\n\n<p>Il est gorg\u00e9 en fibres, en vitamines et en min\u00e9raux. D&#8217;ailleurs, il est recommand\u00e9 pour ses nombreux effets b\u00e9n\u00e9fiques :<\/p>\n\n\n\n<ul class=\"wp-block-list\"><li>Permet de garder la ligne car pauvre en calories<\/li><li>Source de nutriments pour la peau, le sang et les os<\/li><li>Joue sur notre bonne humeur et stimule la libido<\/li><li>Nettoie les toxines de l&#8217;alcool absorb\u00e9es dans le foie<\/li><li>Agit sur les ballonnements.<\/li><\/ul>\n\n\n\n<h2 class=\"wp-block-heading\">C\u00f4t\u00e9 fruits, les pommes sont \u00e0 l\u2019honneur<\/h2>\n\n\n\n<div class=\"wp-block-image is-style-default\"><figure class=\"aligncenter size-large is-resized\"><img loading=\"lazy\" decoding=\"async\" src=\"http:\/\/mespaniersbio.alwaysdata.net\/blog\/wp-content\/uploads\/2021\/02\/Pommes.compresse-1024x763.jpg\" alt=\"Les pommes\" class=\"wp-image-35\" width=\"256\" height=\"191\" srcset=\"https:\/\/mespaniersbio.alwaysdata.net\/blog\/wp-content\/uploads\/2021\/02\/Pommes.compresse-1024x763.jpg 1024w, https:\/\/mespaniersbio.alwaysdata.net\/blog\/wp-content\/uploads\/2021\/02\/Pommes.compresse-300x223.jpg 300w, https:\/\/mespaniersbio.alwaysdata.net\/blog\/wp-content\/uploads\/2021\/02\/Pommes.compresse-768x572.jpg 768w, https:\/\/mespaniersbio.alwaysdata.net\/blog\/wp-content\/uploads\/2021\/02\/Pommes.compresse-1536x1144.jpg 1536w, https:\/\/mespaniersbio.alwaysdata.net\/blog\/wp-content\/uploads\/2021\/02\/Pommes.compresse-2048x1526.jpg 2048w, https:\/\/mespaniersbio.alwaysdata.net\/blog\/wp-content\/uploads\/2021\/02\/Pommes.compresse-380x283.jpg 380w\" sizes=\"(max-width: 256px) 100vw, 256px\" \/><\/figure><\/div>\n\n\n\n<p>Il en existe plus de 10 000 vari\u00e9t\u00e9s de pommes fran\u00e7aises (la golden, la gala, la pink lady, la granny smith, la reine des reinettes\u2026). Croquantes, juteuses, sucr\u00e9es ou l\u00e9g\u00e8rement acidifi\u00e9es, il y en a pour tous les go\u00fbts et couleurs ! Les enfants les adorent en compote ou en tarte aux pommes.<\/p>\n\n\n\n<p>La pomme est bonne pour le transit et la ligne car elle contient des fibres ou pectines qui favorisent le sentiment de sati\u00e9t\u00e9.<\/p>\n\n\n\n<p>Faites-vous plaisir et profitez de nos paniers de fruits et l\u00e9gumes Bio !<\/p>\n\n\n\n<p>En suppl\u00e9ment, une vid\u00e9o pour vous ouvrir l\u2019app\u00e9tit ! Petite d\u00e9dicace aux b\u00e9b\u00e9s qui d\u00e9couvrent les fruits en compote \ud83d\ude42<\/p>\n\n\n\n<figure class=\"wp-block-embed aligncenter is-type-video is-provider-youtube wp-block-embed-youtube wp-embed-aspect-16-9 wp-has-aspect-ratio\"><div class=\"wp-block-embed__wrapper\">\n<iframe loading=\"lazy\" title=\"Compote aux poires bio : recette faite maison\" width=\"640\" height=\"360\" src=\"https:\/\/www.youtube.com\/embed\/M9ieYBfMBLc?feature=oembed\" frameborder=\"0\" allow=\"accelerometer; autoplay; clipboard-write; encrypted-media; gyroscope; picture-in-picture; web-share\" referrerpolicy=\"strict-origin-when-cross-origin\" allowfullscreen><\/iframe>\n<\/div><figcaption>Compote aux poires bio facile \u00e0 r\u00e9aliser &#8211; My Laure Canal<\/figcaption><\/figure>\n\n\n\n<p><\/p>\n","protected":false},"excerpt":{"rendered":"<p>Avec l\u2019arriv\u00e9e du printemps, le soleil, les beaux jours, faites-venir la fra\u00eecheur et le bon go\u00fbt des fruits et l\u00e9gumes Bio de saison dans vos assiettes ! Une petite fringale, un go\u00fbter pour les enfants, un repas en famille ou entre amis, variez vos menus et d\u00e9couvrez les vertus des fruits et l\u00e9gumes.<\/p>\n","protected":false},"author":1,"featured_media":0,"comment_status":"open","ping_status":"open","sticky":false,"template":"","format":"standard","meta":{"footnotes":""},"categories":[4],"tags":[],"class_list":["post-123","post","type-post","status-publish","format-standard","hentry","category-nos-paniers"],"yoast_head":"<!-- This site is optimized with the Yoast SEO plugin v25.6 - https:\/\/yoast.com\/wordpress\/plugins\/seo\/ -->\n<title>Avec des fruits et l\u00e9gumes bio de saison, faites le plein de vitamines !<\/title>\n<meta name=\"description\" content=\"Faites-venir la fra\u00eecheur et le bon go\u00fbt des fruits et l\u00e9gumes Bio de saison dans vos assiettes ! Variez vos menus et d\u00e9couvrez leurs vertus.\" \/>\n<meta name=\"robots\" content=\"index, follow, max-snippet:-1, max-image-preview:large, max-video-preview:-1\" \/>\n<link rel=\"canonical\" href=\"https:\/\/mespaniersbio.alwaysdata.net\/blog\/faites-le-plein-de-vitamines-avec-des-fruits-et-legumes-bio-de-saison\/\" \/>\n<meta property=\"og:locale\" content=\"en_US\" \/>\n<meta property=\"og:type\" content=\"article\" \/>\n<meta property=\"og:title\" content=\"Avec des fruits et l\u00e9gumes bio de saison, faites le plein de vitamines !\" \/>\n<meta property=\"og:description\" content=\"Faites-venir la fra\u00eecheur et le bon go\u00fbt des fruits et l\u00e9gumes Bio de saison dans vos assiettes ! Variez vos menus et d\u00e9couvrez leurs vertus.\" \/>\n<meta property=\"og:url\" content=\"https:\/\/mespaniersbio.alwaysdata.net\/blog\/faites-le-plein-de-vitamines-avec-des-fruits-et-legumes-bio-de-saison\/\" \/>\n<meta property=\"og:site_name\" content=\"Mes Paniers Bio\" \/>\n<meta property=\"article:published_time\" content=\"2021-02-26T17:22:52+00:00\" \/>\n<meta property=\"article:modified_time\" content=\"2021-02-27T23:12:10+00:00\" \/>\n<meta property=\"og:image\" content=\"http:\/\/mespaniersbio.alwaysdata.net\/blog\/wp-content\/uploads\/2021\/02\/Assortiment-fruits-et-legumes-compresse-1024x683.jpg\" \/>\n<meta name=\"author\" content=\"Laure SELY\" \/>\n<meta name=\"twitter:card\" content=\"summary_large_image\" \/>\n<meta name=\"twitter:label1\" content=\"Written by\" \/>\n\t<meta name=\"twitter:data1\" content=\"Laure SELY\" \/>\n\t<meta name=\"twitter:label2\" content=\"Est. reading time\" \/>\n\t<meta name=\"twitter:data2\" content=\"3 minutes\" \/>\n<script type=\"application\/ld+json\" class=\"yoast-schema-graph\">{\"@context\":\"https:\/\/schema.org\",\"@graph\":[{\"@type\":\"WebPage\",\"@id\":\"https:\/\/mespaniersbio.alwaysdata.net\/blog\/faites-le-plein-de-vitamines-avec-des-fruits-et-legumes-bio-de-saison\/\",\"url\":\"https:\/\/mespaniersbio.alwaysdata.net\/blog\/faites-le-plein-de-vitamines-avec-des-fruits-et-legumes-bio-de-saison\/\",\"name\":\"Avec des fruits et l\u00e9gumes bio de saison, faites le plein de vitamines !\",\"isPartOf\":{\"@id\":\"https:\/\/mespaniersbio.alwaysdata.net\/blog\/#website\"},\"primaryImageOfPage\":{\"@id\":\"https:\/\/mespaniersbio.alwaysdata.net\/blog\/faites-le-plein-de-vitamines-avec-des-fruits-et-legumes-bio-de-saison\/#primaryimage\"},\"image\":{\"@id\":\"https:\/\/mespaniersbio.alwaysdata.net\/blog\/faites-le-plein-de-vitamines-avec-des-fruits-et-legumes-bio-de-saison\/#primaryimage\"},\"thumbnailUrl\":\"http:\/\/mespaniersbio.alwaysdata.net\/blog\/wp-content\/uploads\/2021\/02\/Assortiment-fruits-et-legumes-compresse-1024x683.jpg\",\"datePublished\":\"2021-02-26T17:22:52+00:00\",\"dateModified\":\"2021-02-27T23:12:10+00:00\",\"author\":{\"@id\":\"https:\/\/mespaniersbio.alwaysdata.net\/blog\/#\/schema\/person\/57b077efb3ca1a03ff3c968d79b685dc\"},\"description\":\"Faites-venir la fra\u00eecheur et le bon go\u00fbt des fruits et l\u00e9gumes Bio de saison dans vos assiettes ! Variez vos menus et d\u00e9couvrez leurs vertus.\",\"breadcrumb\":{\"@id\":\"https:\/\/mespaniersbio.alwaysdata.net\/blog\/faites-le-plein-de-vitamines-avec-des-fruits-et-legumes-bio-de-saison\/#breadcrumb\"},\"inLanguage\":\"en-US\",\"potentialAction\":[{\"@type\":\"ReadAction\",\"target\":[\"https:\/\/mespaniersbio.alwaysdata.net\/blog\/faites-le-plein-de-vitamines-avec-des-fruits-et-legumes-bio-de-saison\/\"]}]},{\"@type\":\"ImageObject\",\"inLanguage\":\"en-US\",\"@id\":\"https:\/\/mespaniersbio.alwaysdata.net\/blog\/faites-le-plein-de-vitamines-avec-des-fruits-et-legumes-bio-de-saison\/#primaryimage\",\"url\":\"https:\/\/mespaniersbio.alwaysdata.net\/blog\/wp-content\/uploads\/2021\/02\/Assortiment-fruits-et-legumes-compresse.jpg\",\"contentUrl\":\"https:\/\/mespaniersbio.alwaysdata.net\/blog\/wp-content\/uploads\/2021\/02\/Assortiment-fruits-et-legumes-compresse.jpg\",\"width\":1280,\"height\":854,\"caption\":\"Assortiment de fruits et l\u00e9gumes\"},{\"@type\":\"BreadcrumbList\",\"@id\":\"https:\/\/mespaniersbio.alwaysdata.net\/blog\/faites-le-plein-de-vitamines-avec-des-fruits-et-legumes-bio-de-saison\/#breadcrumb\",\"itemListElement\":[{\"@type\":\"ListItem\",\"position\":1,\"name\":\"Accueil\",\"item\":\"https:\/\/mespaniersbio.alwaysdata.net\/blog\/\"},{\"@type\":\"ListItem\",\"position\":2,\"name\":\"Avec des fruits et l\u00e9gumes Bio de saison, faites le plein de vitamines !\"}]},{\"@type\":\"WebSite\",\"@id\":\"https:\/\/mespaniersbio.alwaysdata.net\/blog\/#website\",\"url\":\"https:\/\/mespaniersbio.alwaysdata.net\/blog\/\",\"name\":\"Mes Paniers Bio\",\"description\":\"Mangez Bio et Locaux\",\"potentialAction\":[{\"@type\":\"SearchAction\",\"target\":{\"@type\":\"EntryPoint\",\"urlTemplate\":\"https:\/\/mespaniersbio.alwaysdata.net\/blog\/?s={search_term_string}\"},\"query-input\":{\"@type\":\"PropertyValueSpecification\",\"valueRequired\":true,\"valueName\":\"search_term_string\"}}],\"inLanguage\":\"en-US\"},{\"@type\":\"Person\",\"@id\":\"https:\/\/mespaniersbio.alwaysdata.net\/blog\/#\/schema\/person\/57b077efb3ca1a03ff3c968d79b685dc\",\"name\":\"Laure SELY\",\"image\":{\"@type\":\"ImageObject\",\"inLanguage\":\"en-US\",\"@id\":\"https:\/\/mespaniersbio.alwaysdata.net\/blog\/#\/schema\/person\/image\/\",\"url\":\"https:\/\/secure.gravatar.com\/avatar\/a7badba17e10ae01229c2aea003d1a8b?s=96&d=mm&r=g\",\"contentUrl\":\"https:\/\/secure.gravatar.com\/avatar\/a7badba17e10ae01229c2aea003d1a8b?s=96&d=mm&r=g\",\"caption\":\"Laure SELY\"},\"sameAs\":[\"http:\/\/mespaniersbio.alwaysdata.net\/blog\"],\"url\":\"https:\/\/mespaniersbio.alwaysdata.net\/blog\/author\/laureselyhotmail-com\/\"}]}<\/script>\n<!-- \/ Yoast SEO plugin. -->","yoast_head_json":{"title":"Avec des fruits et l\u00e9gumes bio de saison, faites le plein de vitamines !","description":"Faites-venir la fra\u00eecheur et le bon go\u00fbt des fruits et l\u00e9gumes Bio de saison dans vos assiettes ! Variez vos menus et d\u00e9couvrez leurs vertus.","robots":{"index":"index","follow":"follow","max-snippet":"max-snippet:-1","max-image-preview":"max-image-preview:large","max-video-preview":"max-video-preview:-1"},"canonical":"https:\/\/mespaniersbio.alwaysdata.net\/blog\/faites-le-plein-de-vitamines-avec-des-fruits-et-legumes-bio-de-saison\/","og_locale":"en_US","og_type":"article","og_title":"Avec des fruits et l\u00e9gumes bio de saison, faites le plein de vitamines !","og_description":"Faites-venir la fra\u00eecheur et le bon go\u00fbt des fruits et l\u00e9gumes Bio de saison dans vos assiettes ! Variez vos menus et d\u00e9couvrez leurs vertus.","og_url":"https:\/\/mespaniersbio.alwaysdata.net\/blog\/faites-le-plein-de-vitamines-avec-des-fruits-et-legumes-bio-de-saison\/","og_site_name":"Mes Paniers Bio","article_published_time":"2021-02-26T17:22:52+00:00","article_modified_time":"2021-02-27T23:12:10+00:00","og_image":[{"url":"http:\/\/mespaniersbio.alwaysdata.net\/blog\/wp-content\/uploads\/2021\/02\/Assortiment-fruits-et-legumes-compresse-1024x683.jpg","type":"","width":"","height":""}],"author":"Laure SELY","twitter_card":"summary_large_image","twitter_misc":{"Written by":"Laure SELY","Est. reading time":"3 minutes"},"schema":{"@context":"https:\/\/schema.org","@graph":[{"@type":"WebPage","@id":"https:\/\/mespaniersbio.alwaysdata.net\/blog\/faites-le-plein-de-vitamines-avec-des-fruits-et-legumes-bio-de-saison\/","url":"https:\/\/mespaniersbio.alwaysdata.net\/blog\/faites-le-plein-de-vitamines-avec-des-fruits-et-legumes-bio-de-saison\/","name":"Avec des fruits et l\u00e9gumes bio de saison, faites le plein de vitamines !","isPartOf":{"@id":"https:\/\/mespaniersbio.alwaysdata.net\/blog\/#website"},"primaryImageOfPage":{"@id":"https:\/\/mespaniersbio.alwaysdata.net\/blog\/faites-le-plein-de-vitamines-avec-des-fruits-et-legumes-bio-de-saison\/#primaryimage"},"image":{"@id":"https:\/\/mespaniersbio.alwaysdata.net\/blog\/faites-le-plein-de-vitamines-avec-des-fruits-et-legumes-bio-de-saison\/#primaryimage"},"thumbnailUrl":"http:\/\/mespaniersbio.alwaysdata.net\/blog\/wp-content\/uploads\/2021\/02\/Assortiment-fruits-et-legumes-compresse-1024x683.jpg","datePublished":"2021-02-26T17:22:52+00:00","dateModified":"2021-02-27T23:12:10+00:00","author":{"@id":"https:\/\/mespaniersbio.alwaysdata.net\/blog\/#\/schema\/person\/57b077efb3ca1a03ff3c968d79b685dc"},"description":"Faites-venir la fra\u00eecheur et le bon go\u00fbt des fruits et l\u00e9gumes Bio de saison dans vos assiettes ! Variez vos menus et d\u00e9couvrez leurs vertus.","breadcrumb":{"@id":"https:\/\/mespaniersbio.alwaysdata.net\/blog\/faites-le-plein-de-vitamines-avec-des-fruits-et-legumes-bio-de-saison\/#breadcrumb"},"inLanguage":"en-US","potentialAction":[{"@type":"ReadAction","target":["https:\/\/mespaniersbio.alwaysdata.net\/blog\/faites-le-plein-de-vitamines-avec-des-fruits-et-legumes-bio-de-saison\/"]}]},{"@type":"ImageObject","inLanguage":"en-US","@id":"https:\/\/mespaniersbio.alwaysdata.net\/blog\/faites-le-plein-de-vitamines-avec-des-fruits-et-legumes-bio-de-saison\/#primaryimage","url":"https:\/\/mespaniersbio.alwaysdata.net\/blog\/wp-content\/uploads\/2021\/02\/Assortiment-fruits-et-legumes-compresse.jpg","contentUrl":"https:\/\/mespaniersbio.alwaysdata.net\/blog\/wp-content\/uploads\/2021\/02\/Assortiment-fruits-et-legumes-compresse.jpg","width":1280,"height":854,"caption":"Assortiment de fruits et l\u00e9gumes"},{"@type":"BreadcrumbList","@id":"https:\/\/mespaniersbio.alwaysdata.net\/blog\/faites-le-plein-de-vitamines-avec-des-fruits-et-legumes-bio-de-saison\/#breadcrumb","itemListElement":[{"@type":"ListItem","position":1,"name":"Accueil","item":"https:\/\/mespaniersbio.alwaysdata.net\/blog\/"},{"@type":"ListItem","position":2,"name":"Avec des fruits et l\u00e9gumes Bio de saison, faites le plein de vitamines !"}]},{"@type":"WebSite","@id":"https:\/\/mespaniersbio.alwaysdata.net\/blog\/#website","url":"https:\/\/mespaniersbio.alwaysdata.net\/blog\/","name":"Mes Paniers Bio","description":"Mangez Bio et Locaux","potentialAction":[{"@type":"SearchAction","target":{"@type":"EntryPoint","urlTemplate":"https:\/\/mespaniersbio.alwaysdata.net\/blog\/?s={search_term_string}"},"query-input":{"@type":"PropertyValueSpecification","valueRequired":true,"valueName":"search_term_string"}}],"inLanguage":"en-US"},{"@type":"Person","@id":"https:\/\/mespaniersbio.alwaysdata.net\/blog\/#\/schema\/person\/57b077efb3ca1a03ff3c968d79b685dc","name":"Laure SELY","image":{"@type":"ImageObject","inLanguage":"en-US","@id":"https:\/\/mespaniersbio.alwaysdata.net\/blog\/#\/schema\/person\/image\/","url":"https:\/\/secure.gravatar.com\/avatar\/a7badba17e10ae01229c2aea003d1a8b?s=96&d=mm&r=g","contentUrl":"https:\/\/secure.gravatar.com\/avatar\/a7badba17e10ae01229c2aea003d1a8b?s=96&d=mm&r=g","caption":"Laure SELY"},"sameAs":["http:\/\/mespaniersbio.alwaysdata.net\/blog"],"url":"https:\/\/mespaniersbio.alwaysdata.net\/blog\/author\/laureselyhotmail-com\/"}]}},"_links":{"self":[{"href":"https:\/\/mespaniersbio.alwaysdata.net\/blog\/wp-json\/wp\/v2\/posts\/123"}],"collection":[{"href":"https:\/\/mespaniersbio.alwaysdata.net\/blog\/wp-json\/wp\/v2\/posts"}],"about":[{"href":"https:\/\/mespaniersbio.alwaysdata.net\/blog\/wp-json\/wp\/v2\/types\/post"}],"author":[{"embeddable":true,"href":"https:\/\/mespaniersbio.alwaysdata.net\/blog\/wp-json\/wp\/v2\/users\/1"}],"replies":[{"embeddable":true,"href":"https:\/\/mespaniersbio.alwaysdata.net\/blog\/wp-json\/wp\/v2\/comments?post=123"}],"version-history":[{"count":29,"href":"https:\/\/mespaniersbio.alwaysdata.net\/blog\/wp-json\/wp\/v2\/posts\/123\/revisions"}],"predecessor-version":[{"id":187,"href":"https:\/\/mespaniersbio.alwaysdata.net\/blog\/wp-json\/wp\/v2\/posts\/123\/revisions\/187"}],"wp:attachment":[{"href":"https:\/\/mespaniersbio.alwaysdata.net\/blog\/wp-json\/wp\/v2\/media?parent=123"}],"wp:term":[{"taxonomy":"category","embeddable":true,"href":"https:\/\/mespaniersbio.alwaysdata.net\/blog\/wp-json\/wp\/v2\/categories?post=123"},{"taxonomy":"post_tag","embeddable":true,"href":"https:\/\/mespaniersbio.alwaysdata.net\/blog\/wp-json\/wp\/v2\/tags?post=123"}],"curies":[{"name":"wp","href":"https:\/\/api.w.org\/{rel}","templated":true}]}}